{"id":1467,"date":"2012-06-12T12:48:03","date_gmt":"2012-06-12T12:48:03","guid":{"rendered":"http:\/\/proteaslapalma.com\/proteas-de-la-palma-10-anos-de-historia\/"},"modified":"2019-11-08T14:08:22","modified_gmt":"2019-11-08T14:08:22","slug":"proteas_lapalma_10historia2","status":"publish","type":"post","link":"https:\/\/proteaslapalma.com\/en\/proteas_lapalma_10historia2\/","title":{"rendered":"Pr\u00f3teas de La Palma 10 a\u00f1os de historia"},"content":{"rendered":"<p style=\"text-align: center;\">\n<p style=\"text-align: justify;\">Pocas personas pod\u00edan vaticinar all\u00e1 por finales de 1998 que aquellas flores tan \u201craras\u201d, denominadas proteas, se convirtieran en la actualidad en un cultivo ya habitual en nuestro agro y que en el \u00e1mbito de la flor cortada se asocia directamente con la Isla de La Palma, incluso a nivel internacional, y todo ello gracias a la iniciativa del agricultor palmero que merecidamente se ha ganado el calificativo de emprendedor e innovador.<\/p>\n<p><img loading=\"lazy\" class=\"wp-image-45 alignleft\" title=\"Protea Brenda 1\" src=\"http:\/\/proteaslapalma.com\/wp-content\/uploads\/2012\/06\/Protea-Brenda-1.jpg\" alt=\"\" width=\"380\" height=\"285\" srcset=\"https:\/\/proteaslapalma.com\/wp-content\/uploads\/2012\/06\/Protea-Brenda-1.jpg 1200w, https:\/\/proteaslapalma.com\/wp-content\/uploads\/2012\/06\/Protea-Brenda-1-300x225.jpg 300w, https:\/\/proteaslapalma.com\/wp-content\/uploads\/2012\/06\/Protea-Brenda-1-1024x768.jpg 1024w\" sizes=\"(max-width: 380px) 100vw, 380px\" \/><\/p>\n<p style=\"text-align: justify;\">Si hacemos un poco de historia nos remontaremos a septiembre de 1998, que es cuando un peque\u00f1o grupo de 6 agricultores introduce este cultivo enla isla. Enesos momentos exist\u00eda un desconocim<span style=\"line-height: inherit; text-align: justify;\">iento casi absoluto de las peculiaridades del mismo, tanto por parte de los agricultores implicados como de los propios t\u00e9cnicos del sector. Por ello, el Cabildo Insular de La Palma, y teniendo en cuenta las buenas perspectivas de futuro que auguraban estas flores, decidi\u00f3 apoyar esta iniciativa. El primer paso fue promover la uni\u00f3n de este grupo en aras de afrontar un proyecto com\u00fan como requisito indispensable para recibir el apoyo dela Primera Instituci\u00f3n.Secre\u00f3 entonces\u00a0 la comunidad de bienes denominada \u201cProteas deL<\/span><\/p>\n<p style=\"text-align: justify;\">a Palma SCP\u201d, embri\u00f3n dela actual CooperativaProteasdeLa Palma. Apartir de ese momento se nos prest\u00f3 todo el apoyo t\u00e9cnico y log\u00edstico necesario para iniciar el proyecto.\u00a0En enero de 2001 se realiz\u00f3 la primera exportaci\u00f3n a Holanda, envi\u00e1ndose un total de 70.000 tallos, de los que se obtuvieron unos precios muy interesantes. Ante esta situaci\u00f3n y ante la gran demanda de agricultores interesados en el proyecto, nos decidimos finalmente a crearla Cooperativa Proteasde La Palma, que vio la luz en enero de 2002. Desde ese momento y hasta la fecha el n\u00famero de\u00a0agricultores ha crecido sustancialmente hasta un total de los 82 actuales y con una marca que supera el 1.200.000 de tallos anuales, que se exportan principalmente a Europa, o a pa\u00edses tan lejanos como Jap\u00f3n o Canad\u00e1. En este sentido no podemos dejar de nombrar las continuas felicitaciones que recibimos de nuestros importadores como fruto de la excepcional calidad de nuestras flores, asimil\u00e1ndose al origen \u201cLa Palma\u201d, el sin\u00f3nimo de calidad.<\/p>\n<p style=\"text-align: justify;\"><strong>\u00bfQU\u00c9 SON LAS PROTEAS?<\/strong><\/p>\n<p style=\"text-align: justify;\">Las proteas que cultivamos actualmente en la isla de La Palma provienen en su mayor\u00eda de Sud\u00e1frica, en donde estas plantas crecen de forma espont\u00e1nea en la zona del Cabo, al sur del pa\u00eds. Se trata de plantas con porte arbustivo, que pueden estar en cultivo entre 8 y 15 a\u00f1os y que se caracterizan por la belleza y gran variedad de sus flores y en algunos casos incluso por el aspecto y colorido de sus hojas.<\/p>\n<p style=\"text-align: justify;\">En La Palma cultivamos tres g\u00e9neros pertenecientes a la familia de las <em>Proteaceas<\/em>. El g\u00e9nero <em>Leucospermun<\/em>, que es el m\u00e1s importante en cuanto a la superficie cultivada, que se conoce coloquialmente como tipo ara\u00f1a o pomp\u00f3n por la forma peculiar de su inflorescencia. EL segundo g\u00e9nero en cuanto a importancia es el <em>Protea<\/em>, que se caracteriza por sus flores en forma de alcachofa de diferentes formas y tama\u00f1os y normalmente en tonalidades que van desde el rosa p\u00e1lido hasta el rojo intenso o incluso blancas, muy de moda actualmente. El \u00faltimo grupo es el denominado <em>Leucadendrom<\/em>, que se caracteriza por la variedad y colorido de sus hojas ya que la flor no tiene el inter\u00e9s comercial de los otros dos grupos.<\/p>\n<p style=\"text-align: justify;\"><strong>ALGUNOS ASPECTOS SOBRE SU CULTIVO.<\/strong><\/p>\n<p style=\"text-align: justify;\">A primera vista y dado el aspecto ex\u00f3tico de estas flores se tiende a pensar que se trata de una planta de exigencias tropicales, y se asocia su cultivo directamente a las zonas bajas c\u00e1lidas e incluso la necesidad de utilizar<\/p>\n<p style=\"text-align: justify;\">\u00a0invernadero. Pero esto est\u00e1 muy lejos de la realizad ya trata de plantas que se adaptan perfectamente a nuestras zonas de median\u00edas, normalmente por encima de los300 my llegando incluso a superar los1000 metrosen zonas orientadas hacia el oeste, que es donde se consiguen de forma natural las condiciones agro clim\u00e1ticas id\u00f3neas para su cultivo, es decir, suelos \u00e1cidos relativamente pobres en nutrientes, marcada estacionalidad verano invierno y diferencia de temperaturas importante noche y d\u00eda. S<\/p>\n<p style=\"text-align: justify;\">i a esto le unimos unas buenas condiciones de luminosidad, tanto en calidad (cielos despejados) como en cantidad (duraci\u00f3n del d\u00eda), tendremos garantizado el \u00e9xito del cultivo, ahora s\u00f3lo queda la mano del hombre para encauzarlo de forma satisfactoria. Es importante rese\u00f1ar tambi\u00e9n algunas limitaciones importantes a tener en cuenta en nuestra isla. Una de las principales concierne al tipo de suelo que debe ser suelto y permitir un buen drenaje,\u00a0 caracter\u00edstica que no siempre se cumple en nuestras median\u00edas. Otra limitaci\u00f3n importante es la presencia del f\u00f3sforo en el suelo, que si bien es un nutriente muy beneficioso para otros cultivos, a determinados niveles es perjudicial para las proteas. A fin de poder estudiar las condiciones del suelo y proceder a las correcciones pertinentes es imprescindible realizar una anal\u00edtica completa del mismo previa al establecimiento del cultivo.<\/p>\n<p style=\"text-align: justify;\">Se trata de un cultivo con unas exigencias bajas en agua y nutrientes y que se ve poco afectado por plagas y enfermedades, siendo las enfermedades relacionadas con el suelo las mas graves, pudiendo incluso limitar su cultivo en determinadas zonas. Se calcula que una planta en plena producci\u00f3n puede consumir en los meses m\u00e1s calidos del a\u00f1o del<\/p>\n<p style=\"text-align: justify;\">orden de 20 \u2013 30 lde agua por semana, mientras que durante los meses oto\u00f1o e invierno, y siempre dependiendo del r\u00e9gimen de lluvias, pueden ser necesarios del orden de 5 \u2013 10 l\/semana\/planta. Esto significar\u00eda un consumo aproximado de 3.500 \u2013 4.500 m<sup>3<\/sup>\/a\u00f1o\/Ha. Es imprescindible la instalaci\u00f3n de un riego por goteo, que implica\u00a0 a su vez la necesidad de regar dos o tres veces por semana en los meses de verano,\u00a0 por lo que ser\u00e1 necesario contar con un dep\u00f3sito de agua o con una red de riego a la demanda, es decir con un contador que nos permita regar con la frecuencia antes mencionada.<\/p>\n<p style=\"text-align: justify;\"><strong>X ANIVERSARIO PROTEAS DE LA PALMA.<\/strong><\/p>\n<p style=\"text-align: justify;\">En la actualidad la Cooperativa Proteas de La Palma se encuentra inmersa en la celebraci\u00f3n del d\u00e9cimo aniversario que coincide con un proceso de expansi\u00f3n de los cultivos y apertura hacia la introducci\u00f3n de nuevas variedades, fruto del gran trabajo realizado desde la gerencia de la Cooperativa y fundamentado en que, pese a la profunda crisis que sufre Europa, sigue habiendo una importante demanda y los precios se han mantenido estables como en a\u00f1os anteriores. Han sido los propios importadores, situados principalmente en Holanda, los que nos ha animado hacia esta ampliaci\u00f3n de la producci\u00f3n, consensuado con ellos las nuevas variedades que estamos estableciendo, algunas de las cuales tienen su origen en Australia.<\/p>\n<p style=\"text-align: justify;\">Dentro de la diversidad de actividades ha realizar con\u00a0 motivo del d\u00e9cimo aniversario tenemos previsto impartir un curso en el que tratar\u00e1 temas como el establecimiento del cultivo, riego, fertilizaci\u00f3n, poda, comercializaci\u00f3n etc&#8230;, dirigido especialmente a todas aquellas personas interesadas en unirse a este proyecto. En todo caso todas aquellos agricultores que decidan cultivar proteas y que se integren en la Cooperativa, recibir\u00e1n el asesoramiento continuo que habitualmente presta nuestro servicio t\u00e9cnico.<\/p>\n<p style=\"text-align: justify;\">Enrique HuertasL\u00f3pez.<\/p>\n<p style=\"text-align: justify;\">Proteas deLa Palma S.Coop.<\/p>\n<p style=\"text-align: justify;\">PRESIDENTE.<\/p>\n","protected":false},"excerpt":{"rendered":"<p>Pocas personas pod\u00edan vaticinar all\u00e1 por finales de 1998 que aquellas flores tan \u201craras\u201d, denominadas proteas, se convirtieran en la actualidad en un cultivo ya habitual en nuestro agro y que en el \u00e1mbito de la flor cortada se asocia directamente con la Isla de La Palma, incluso a nivel internacional, y todo ello gracias&nbsp;<\/p>\n<p><a class=\"btn btn-style\" href=\"https:\/\/proteaslapalma.com\/en\/proteas_lapalma_10historia2\/\">Leer m\u00e1s&#8230;<\/a><\/p>\n","protected":false},"author":1,"featured_media":2538,"comment_status":"open","ping_status":"open","sticky":false,"template":"","format":"standard","meta":[],"categories":[51,47],"tags":[],"yoast_head":"<!-- This site is optimized with the Yoast SEO plugin v19.4 - https:\/\/yoast.com\/wordpress\/plugins\/seo\/ -->\n<title>Pr\u00f3teas de La Palma 10 a\u00f1os de historia - Proteas La Palma<\/title>\n<meta name=\"robots\" content=\"index, follow, max-snippet:-1, max-image-preview:large, max-video-preview:-1\" \/>\n<link rel=\"canonical\" href=\"https:\/\/proteaslapalma.com\/en\/proteas_lapalma_10historia2\/\" \/>\n<meta property=\"og:locale\" content=\"en_US\" \/>\n<meta property=\"og:type\" content=\"article\" \/>\n<meta property=\"og:title\" content=\"Pr\u00f3teas de La Palma 10 a\u00f1os de historia - Proteas La Palma\" \/>\n<meta property=\"og:description\" content=\"Pocas personas pod\u00edan vaticinar all\u00e1 por finales de 1998 que aquellas flores tan \u201craras\u201d, denominadas proteas, se convirtieran en la actualidad en un cultivo ya habitual en nuestro agro y que en el \u00e1mbito de la flor cortada se asocia directamente con la Isla de La Palma, incluso a nivel internacional, y todo ello gracias&nbsp;Leer m\u00e1s...\" \/>\n<meta property=\"og:url\" content=\"https:\/\/proteaslapalma.com\/en\/proteas_lapalma_10historia2\/\" \/>\n<meta property=\"og:site_name\" content=\"Proteas La Palma\" \/>\n<meta property=\"article:published_time\" content=\"2012-06-12T12:48:03+00:00\" \/>\n<meta property=\"article:modified_time\" content=\"2019-11-08T14:08:22+00:00\" \/>\n<meta property=\"og:image\" content=\"https:\/\/proteaslapalma.com\/wp-content\/uploads\/2012\/06\/proteas-produccio\u0301n-cultivo-isladelapalma-canarias.jpg\" \/>\n\t<meta property=\"og:image:width\" content=\"725\" \/>\n\t<meta property=\"og:image:height\" content=\"335\" \/>\n\t<meta property=\"og:image:type\" content=\"image\/jpeg\" \/>\n<meta name=\"author\" content=\"admin\" \/>\n<meta name=\"twitter:card\" content=\"summary_large_image\" \/>\n<meta name=\"twitter:label1\" content=\"Written by\" \/>\n\t<meta name=\"twitter:data1\" content=\"admin\" \/>\n\t<meta name=\"twitter:label2\" content=\"Est. reading time\" \/>\n\t<meta name=\"twitter:data2\" content=\"6 minutes\" \/>\n<script type=\"application\/ld+json\" class=\"yoast-schema-graph\">{\"@context\":\"https:\/\/schema.org\",\"@graph\":[{\"@type\":\"WebSite\",\"@id\":\"https:\/\/proteaslapalma.com\/#website\",\"url\":\"https:\/\/proteaslapalma.com\/\",\"name\":\"Proteas La Palma\",\"description\":\"Pr\u00f3teas de la Palma cooperativa de la Isla de La Palma, Canarias\",\"potentialAction\":[{\"@type\":\"SearchAction\",\"target\":{\"@type\":\"EntryPoint\",\"urlTemplate\":\"https:\/\/proteaslapalma.com\/?s={search_term_string}\"},\"query-input\":\"required name=search_term_string\"}],\"inLanguage\":\"en-US\"},{\"@type\":\"WebPage\",\"@id\":\"https:\/\/proteaslapalma.com\/en\/proteas_lapalma_10historia2\/\",\"url\":\"https:\/\/proteaslapalma.com\/en\/proteas_lapalma_10historia2\/\",\"name\":\"Pr\u00f3teas de La Palma 10 a\u00f1os de historia - Proteas La Palma\",\"isPartOf\":{\"@id\":\"https:\/\/proteaslapalma.com\/#website\"},\"datePublished\":\"2012-06-12T12:48:03+00:00\",\"dateModified\":\"2019-11-08T14:08:22+00:00\",\"author\":{\"@id\":\"https:\/\/proteaslapalma.com\/#\/schema\/person\/06b567bb8f5126a073fae3b008bc40a6\"},\"breadcrumb\":{\"@id\":\"https:\/\/proteaslapalma.com\/en\/proteas_lapalma_10historia2\/#breadcrumb\"},\"inLanguage\":\"en-US\",\"potentialAction\":[{\"@type\":\"ReadAction\",\"target\":[\"https:\/\/proteaslapalma.com\/en\/proteas_lapalma_10historia2\/\"]}]},{\"@type\":\"BreadcrumbList\",\"@id\":\"https:\/\/proteaslapalma.com\/en\/proteas_lapalma_10historia2\/#breadcrumb\",\"itemListElement\":[{\"@type\":\"ListItem\",\"position\":1,\"name\":\"Portada\",\"item\":\"https:\/\/proteaslapalma.com\/en\/\"},{\"@type\":\"ListItem\",\"position\":2,\"name\":\"Pr\u00f3teas de La Palma 10 a\u00f1os de historia\"}]},{\"@type\":\"Person\",\"@id\":\"https:\/\/proteaslapalma.com\/#\/schema\/person\/06b567bb8f5126a073fae3b008bc40a6\",\"name\":\"admin\",\"image\":{\"@type\":\"ImageObject\",\"inLanguage\":\"en-US\",\"@id\":\"https:\/\/proteaslapalma.com\/#\/schema\/person\/image\/\",\"url\":\"https:\/\/secure.gravatar.com\/avatar\/3cfee98e8471f9b7d33d9e257374fe5d?s=96&d=mm&r=g\",\"contentUrl\":\"https:\/\/secure.gravatar.com\/avatar\/3cfee98e8471f9b7d33d9e257374fe5d?s=96&d=mm&r=g\",\"caption\":\"admin\"},\"url\":\"https:\/\/proteaslapalma.com\/en\/author\/admin\/\"}]}<\/script>\n<!-- \/ Yoast SEO plugin. -->","yoast_head_json":{"title":"Pr\u00f3teas de La Palma 10 a\u00f1os de historia - Proteas La Palma","robots":{"index":"index","follow":"follow","max-snippet":"max-snippet:-1","max-image-preview":"max-image-preview:large","max-video-preview":"max-video-preview:-1"},"canonical":"https:\/\/proteaslapalma.com\/en\/proteas_lapalma_10historia2\/","og_locale":"en_US","og_type":"article","og_title":"Pr\u00f3teas de La Palma 10 a\u00f1os de historia - Proteas La Palma","og_description":"Pocas personas pod\u00edan vaticinar all\u00e1 por finales de 1998 que aquellas flores tan \u201craras\u201d, denominadas proteas, se convirtieran en la actualidad en un cultivo ya habitual en nuestro agro y que en el \u00e1mbito de la flor cortada se asocia directamente con la Isla de La Palma, incluso a nivel internacional, y todo ello gracias&nbsp;Leer m\u00e1s...","og_url":"https:\/\/proteaslapalma.com\/en\/proteas_lapalma_10historia2\/","og_site_name":"Proteas La Palma","article_published_time":"2012-06-12T12:48:03+00:00","article_modified_time":"2019-11-08T14:08:22+00:00","og_image":[{"width":725,"height":335,"url":"https:\/\/proteaslapalma.com\/wp-content\/uploads\/2012\/06\/proteas-produccio\u0301n-cultivo-isladelapalma-canarias.jpg","type":"image\/jpeg"}],"author":"admin","twitter_card":"summary_large_image","twitter_misc":{"Written by":"admin","Est. reading time":"6 minutes"},"schema":{"@context":"https:\/\/schema.org","@graph":[{"@type":"WebSite","@id":"https:\/\/proteaslapalma.com\/#website","url":"https:\/\/proteaslapalma.com\/","name":"Proteas La Palma","description":"Pr\u00f3teas de la Palma cooperativa de la Isla de La Palma, Canarias","potentialAction":[{"@type":"SearchAction","target":{"@type":"EntryPoint","urlTemplate":"https:\/\/proteaslapalma.com\/?s={search_term_string}"},"query-input":"required name=search_term_string"}],"inLanguage":"en-US"},{"@type":"WebPage","@id":"https:\/\/proteaslapalma.com\/en\/proteas_lapalma_10historia2\/","url":"https:\/\/proteaslapalma.com\/en\/proteas_lapalma_10historia2\/","name":"Pr\u00f3teas de La Palma 10 a\u00f1os de historia - Proteas La Palma","isPartOf":{"@id":"https:\/\/proteaslapalma.com\/#website"},"datePublished":"2012-06-12T12:48:03+00:00","dateModified":"2019-11-08T14:08:22+00:00","author":{"@id":"https:\/\/proteaslapalma.com\/#\/schema\/person\/06b567bb8f5126a073fae3b008bc40a6"},"breadcrumb":{"@id":"https:\/\/proteaslapalma.com\/en\/proteas_lapalma_10historia2\/#breadcrumb"},"inLanguage":"en-US","potentialAction":[{"@type":"ReadAction","target":["https:\/\/proteaslapalma.com\/en\/proteas_lapalma_10historia2\/"]}]},{"@type":"BreadcrumbList","@id":"https:\/\/proteaslapalma.com\/en\/proteas_lapalma_10historia2\/#breadcrumb","itemListElement":[{"@type":"ListItem","position":1,"name":"Portada","item":"https:\/\/proteaslapalma.com\/en\/"},{"@type":"ListItem","position":2,"name":"Pr\u00f3teas de La Palma 10 a\u00f1os de historia"}]},{"@type":"Person","@id":"https:\/\/proteaslapalma.com\/#\/schema\/person\/06b567bb8f5126a073fae3b008bc40a6","name":"admin","image":{"@type":"ImageObject","inLanguage":"en-US","@id":"https:\/\/proteaslapalma.com\/#\/schema\/person\/image\/","url":"https:\/\/secure.gravatar.com\/avatar\/3cfee98e8471f9b7d33d9e257374fe5d?s=96&d=mm&r=g","contentUrl":"https:\/\/secure.gravatar.com\/avatar\/3cfee98e8471f9b7d33d9e257374fe5d?s=96&d=mm&r=g","caption":"admin"},"url":"https:\/\/proteaslapalma.com\/en\/author\/admin\/"}]}},"_links":{"self":[{"href":"https:\/\/proteaslapalma.com\/en\/wp-json\/wp\/v2\/posts\/1467"}],"collection":[{"href":"https:\/\/proteaslapalma.com\/en\/wp-json\/wp\/v2\/posts"}],"about":[{"href":"https:\/\/proteaslapalma.com\/en\/wp-json\/wp\/v2\/types\/post"}],"author":[{"embeddable":true,"href":"https:\/\/proteaslapalma.com\/en\/wp-json\/wp\/v2\/users\/1"}],"replies":[{"embeddable":true,"href":"https:\/\/proteaslapalma.com\/en\/wp-json\/wp\/v2\/comments?post=1467"}],"version-history":[{"count":0,"href":"https:\/\/proteaslapalma.com\/en\/wp-json\/wp\/v2\/posts\/1467\/revisions"}],"wp:featuredmedia":[{"embeddable":true,"href":"https:\/\/proteaslapalma.com\/en\/wp-json\/wp\/v2\/media\/2538"}],"wp:attachment":[{"href":"https:\/\/proteaslapalma.com\/en\/wp-json\/wp\/v2\/media?parent=1467"}],"wp:term":[{"taxonomy":"category","embeddable":true,"href":"https:\/\/proteaslapalma.com\/en\/wp-json\/wp\/v2\/categories?post=1467"},{"taxonomy":"post_tag","embeddable":true,"href":"https:\/\/proteaslapalma.com\/en\/wp-json\/wp\/v2\/tags?post=1467"}],"curies":[{"name":"wp","href":"https:\/\/api.w.org\/{rel}","templated":true}]}}