{"id":1458,"date":"2012-12-17T13:58:26","date_gmt":"2012-12-17T13:58:26","guid":{"rendered":"http:\/\/proteaslapalma.com\/la-palma-florece-con-las-proteas\/"},"modified":"2019-11-08T14:07:53","modified_gmt":"2019-11-08T14:07:53","slug":"la-palma-florece-con-las-proteas","status":"publish","type":"post","link":"https:\/\/proteaslapalma.com\/en\/la-palma-florece-con-las-proteas\/","title":{"rendered":"La Palma florece con las pr\u00f3teas"},"content":{"rendered":"<p style=\"text-align: justify;\"><strong>ESTEBAN ARMAS<\/strong>\u00a0| Bre\u00f1a Alta<\/p>\n<p style=\"text-align: justify;\">La Cooperativa Pr\u00f3teas de La Palma est\u00e1 a punto de iniciar la campa\u00f1a de exportaci\u00f3n con las nuevas variedades que le permitir\u00e1n casi duplicar su oferta y con la que podr\u00eda llegar a superar los dos millones de tallos en los pr\u00f3ximos meses.<\/p>\n<p style=\"text-align: justify;\">Las median\u00edas de la isla lucen una cubierta especial, que sorprende por la variedad y atractivo de sus colores. El cultivo de pr\u00f3teas ocupa en la actualidad unas 30 hect\u00e1reas, pertenecientes a un centenar de agricultores.<\/p>\n<p style=\"text-align: justify;\">La experiencia acumulada a lo largo de una d\u00e9cada ha permitido consolidar la oferta y contar con una clientela que se ha fidelizado al responder positivamente a la alta calidad de la producci\u00f3n palmera, al tiempo que aporta su valoraci\u00f3n y permite que se adopten las debidas respuestas en el manejo del cultivo y en la selecci\u00f3n de las variedades que son de mayor inter\u00e9s.<\/p>\n<p style=\"text-align: justify;\">Los agricultores cuentan con el respaldo profesional que les presta la t\u00e9cnico agr\u00edcola Mar\u00eda Guzm\u00e1n y con el trabajo comercial que desde la gerencia realiza Francisco Molina. Los cultivos se orientan a cubrir el per\u00edodo de inter\u00e9s en el mercado y acceder a los mejores precios por el descenso en la oferta de Sud\u00e1frica, el principal proveedor internacional. Canarias es competitiva desde finales de octubre y hasta enero, siendo especialmente atractivos los meses de diciembre-febrero por ser cuando se ganan las mejores cotizaciones.<\/p>\n<p style=\"text-align: center;\"><a href=\"http:\/\/www.diariodeavisos.com\/wp-content\/uploads\/2011\/12\/PROTEA.jpg\" rel=\"lightbox[1458]\"><img loading=\"lazy\" class=\"alignleft\" title=\"H. Gold.JPG\" src=\"http:\/\/www.diariodeavisos.com\/wp-content\/uploads\/2011\/12\/PROTEA.jpg\" alt=\"\" width=\"312\" height=\"234\" \/><\/a><\/p>\n<p style=\"text-align: justify;\">En estos \u00faltimos a\u00f1os se ha procedido a la introducci\u00f3n de nuevas variedades, originarias de Australia, Sud\u00e1frica y Portugal, contemplando su comportamiento. El resultado de ese proceso permite disponer en la actualidad de nuevos cultivos, con los que se espera duplicar la producci\u00f3n que podr\u00eda superar en breve los dos millones de tallos. Las primeras flores de los cultivos en los que se ha aplicado la reconversi\u00f3n varietal salen en estas fechas a los mercados europeos, en su mayor\u00eda a trav\u00e9s de Holanda, v\u00eda subasta de Aalsmeer, y directamente a los clientes con los que trabaja la cooperativa, en Italia, Francia, Portugal, Jap\u00f3n y Canad\u00e1.<\/p>\n<p style=\"text-align: justify;\">Pr\u00f3teas de La Palma cuenta para llegar a los mercados con las compa\u00f1\u00edas de ch\u00e1rter que operan en la isla (Air Berl\u00edn, Condor, Tomas Cook y otras), al tiempo que espera que las acciones emprendidas desde el Cabildo de La Palma para la promoci\u00f3n de su oferta le permitan disponer de una mayor frecuencia de vuelos y amplitud en los destinos.<\/p>\n","protected":false},"excerpt":{"rendered":"<p>ESTEBAN ARMAS\u00a0| Bre\u00f1a Alta La Cooperativa Pr\u00f3teas de La Palma est\u00e1 a punto de iniciar la campa\u00f1a de exportaci\u00f3n con las nuevas variedades que le permitir\u00e1n casi duplicar su oferta y con la que podr\u00eda llegar a superar los dos millones de tallos en los pr\u00f3ximos meses. Las median\u00edas de la isla lucen una cubierta&nbsp;<\/p>\n<p><a class=\"btn btn-style\" href=\"https:\/\/proteaslapalma.com\/en\/la-palma-florece-con-las-proteas\/\">Leer m\u00e1s&#8230;<\/a><\/p>\n","protected":false},"author":1,"featured_media":2518,"comment_status":"closed","ping_status":"open","sticky":false,"template":"","format":"standard","meta":[],"categories":[47],"tags":[],"yoast_head":"<!-- This site is optimized with the Yoast SEO plugin v19.4 - https:\/\/yoast.com\/wordpress\/plugins\/seo\/ -->\n<title>La Palma florece con las pr\u00f3teas - Proteas La Palma<\/title>\n<meta name=\"robots\" content=\"index, follow, max-snippet:-1, max-image-preview:large, max-video-preview:-1\" \/>\n<link rel=\"canonical\" href=\"https:\/\/proteaslapalma.com\/en\/la-palma-florece-con-las-proteas\/\" \/>\n<meta property=\"og:locale\" content=\"en_US\" \/>\n<meta property=\"og:type\" content=\"article\" \/>\n<meta property=\"og:title\" content=\"La Palma florece con las pr\u00f3teas - Proteas La Palma\" \/>\n<meta property=\"og:description\" content=\"ESTEBAN ARMAS\u00a0| Bre\u00f1a Alta La Cooperativa Pr\u00f3teas de La Palma est\u00e1 a punto de iniciar la campa\u00f1a de exportaci\u00f3n con las nuevas variedades que le permitir\u00e1n casi duplicar su oferta y con la que podr\u00eda llegar a superar los dos millones de tallos en los pr\u00f3ximos meses. Las median\u00edas de la isla lucen una cubierta&nbsp;Leer m\u00e1s...\" \/>\n<meta property=\"og:url\" content=\"https:\/\/proteaslapalma.com\/en\/la-palma-florece-con-las-proteas\/\" \/>\n<meta property=\"og:site_name\" content=\"Proteas La Palma\" \/>\n<meta property=\"article:published_time\" content=\"2012-12-17T13:58:26+00:00\" \/>\n<meta property=\"article:modified_time\" content=\"2019-11-08T14:07:53+00:00\" \/>\n<meta property=\"og:image\" content=\"https:\/\/proteaslapalma.com\/wp-content\/uploads\/2012\/12\/cultivoProteas-islalapalma-canarias.jpg\" \/>\n\t<meta property=\"og:image:width\" content=\"725\" \/>\n\t<meta property=\"og:image:height\" content=\"335\" \/>\n\t<meta property=\"og:image:type\" content=\"image\/jpeg\" \/>\n<meta name=\"author\" content=\"admin\" \/>\n<meta name=\"twitter:card\" content=\"summary_large_image\" \/>\n<meta name=\"twitter:label1\" content=\"Written by\" \/>\n\t<meta name=\"twitter:data1\" content=\"admin\" \/>\n\t<meta name=\"twitter:label2\" content=\"Est. reading time\" \/>\n\t<meta name=\"twitter:data2\" content=\"2 minutes\" \/>\n<script type=\"application\/ld+json\" class=\"yoast-schema-graph\">{\"@context\":\"https:\/\/schema.org\",\"@graph\":[{\"@type\":\"WebSite\",\"@id\":\"https:\/\/proteaslapalma.com\/#website\",\"url\":\"https:\/\/proteaslapalma.com\/\",\"name\":\"Proteas La Palma\",\"description\":\"Pr\u00f3teas de la Palma cooperativa de la Isla de La Palma, Canarias\",\"potentialAction\":[{\"@type\":\"SearchAction\",\"target\":{\"@type\":\"EntryPoint\",\"urlTemplate\":\"https:\/\/proteaslapalma.com\/?s={search_term_string}\"},\"query-input\":\"required name=search_term_string\"}],\"inLanguage\":\"en-US\"},{\"@type\":\"WebPage\",\"@id\":\"https:\/\/proteaslapalma.com\/en\/la-palma-florece-con-las-proteas\/\",\"url\":\"https:\/\/proteaslapalma.com\/en\/la-palma-florece-con-las-proteas\/\",\"name\":\"La Palma florece con las pr\u00f3teas - Proteas La Palma\",\"isPartOf\":{\"@id\":\"https:\/\/proteaslapalma.com\/#website\"},\"datePublished\":\"2012-12-17T13:58:26+00:00\",\"dateModified\":\"2019-11-08T14:07:53+00:00\",\"author\":{\"@id\":\"https:\/\/proteaslapalma.com\/#\/schema\/person\/06b567bb8f5126a073fae3b008bc40a6\"},\"breadcrumb\":{\"@id\":\"https:\/\/proteaslapalma.com\/en\/la-palma-florece-con-las-proteas\/#breadcrumb\"},\"inLanguage\":\"en-US\",\"potentialAction\":[{\"@type\":\"ReadAction\",\"target\":[\"https:\/\/proteaslapalma.com\/en\/la-palma-florece-con-las-proteas\/\"]}]},{\"@type\":\"BreadcrumbList\",\"@id\":\"https:\/\/proteaslapalma.com\/en\/la-palma-florece-con-las-proteas\/#breadcrumb\",\"itemListElement\":[{\"@type\":\"ListItem\",\"position\":1,\"name\":\"Portada\",\"item\":\"https:\/\/proteaslapalma.com\/en\/\"},{\"@type\":\"ListItem\",\"position\":2,\"name\":\"La Palma florece con las pr\u00f3teas\"}]},{\"@type\":\"Person\",\"@id\":\"https:\/\/proteaslapalma.com\/#\/schema\/person\/06b567bb8f5126a073fae3b008bc40a6\",\"name\":\"admin\",\"image\":{\"@type\":\"ImageObject\",\"inLanguage\":\"en-US\",\"@id\":\"https:\/\/proteaslapalma.com\/#\/schema\/person\/image\/\",\"url\":\"https:\/\/secure.gravatar.com\/avatar\/3cfee98e8471f9b7d33d9e257374fe5d?s=96&d=mm&r=g\",\"contentUrl\":\"https:\/\/secure.gravatar.com\/avatar\/3cfee98e8471f9b7d33d9e257374fe5d?s=96&d=mm&r=g\",\"caption\":\"admin\"},\"url\":\"https:\/\/proteaslapalma.com\/en\/author\/admin\/\"}]}<\/script>\n<!-- \/ Yoast SEO plugin. -->","yoast_head_json":{"title":"La Palma florece con las pr\u00f3teas - Proteas La Palma","robots":{"index":"index","follow":"follow","max-snippet":"max-snippet:-1","max-image-preview":"max-image-preview:large","max-video-preview":"max-video-preview:-1"},"canonical":"https:\/\/proteaslapalma.com\/en\/la-palma-florece-con-las-proteas\/","og_locale":"en_US","og_type":"article","og_title":"La Palma florece con las pr\u00f3teas - Proteas La Palma","og_description":"ESTEBAN ARMAS\u00a0| Bre\u00f1a Alta La Cooperativa Pr\u00f3teas de La Palma est\u00e1 a punto de iniciar la campa\u00f1a de exportaci\u00f3n con las nuevas variedades que le permitir\u00e1n casi duplicar su oferta y con la que podr\u00eda llegar a superar los dos millones de tallos en los pr\u00f3ximos meses. Las median\u00edas de la isla lucen una cubierta&nbsp;Leer m\u00e1s...","og_url":"https:\/\/proteaslapalma.com\/en\/la-palma-florece-con-las-proteas\/","og_site_name":"Proteas La Palma","article_published_time":"2012-12-17T13:58:26+00:00","article_modified_time":"2019-11-08T14:07:53+00:00","og_image":[{"width":725,"height":335,"url":"https:\/\/proteaslapalma.com\/wp-content\/uploads\/2012\/12\/cultivoProteas-islalapalma-canarias.jpg","type":"image\/jpeg"}],"author":"admin","twitter_card":"summary_large_image","twitter_misc":{"Written by":"admin","Est. reading time":"2 minutes"},"schema":{"@context":"https:\/\/schema.org","@graph":[{"@type":"WebSite","@id":"https:\/\/proteaslapalma.com\/#website","url":"https:\/\/proteaslapalma.com\/","name":"Proteas La Palma","description":"Pr\u00f3teas de la Palma cooperativa de la Isla de La Palma, Canarias","potentialAction":[{"@type":"SearchAction","target":{"@type":"EntryPoint","urlTemplate":"https:\/\/proteaslapalma.com\/?s={search_term_string}"},"query-input":"required name=search_term_string"}],"inLanguage":"en-US"},{"@type":"WebPage","@id":"https:\/\/proteaslapalma.com\/en\/la-palma-florece-con-las-proteas\/","url":"https:\/\/proteaslapalma.com\/en\/la-palma-florece-con-las-proteas\/","name":"La Palma florece con las pr\u00f3teas - Proteas La Palma","isPartOf":{"@id":"https:\/\/proteaslapalma.com\/#website"},"datePublished":"2012-12-17T13:58:26+00:00","dateModified":"2019-11-08T14:07:53+00:00","author":{"@id":"https:\/\/proteaslapalma.com\/#\/schema\/person\/06b567bb8f5126a073fae3b008bc40a6"},"breadcrumb":{"@id":"https:\/\/proteaslapalma.com\/en\/la-palma-florece-con-las-proteas\/#breadcrumb"},"inLanguage":"en-US","potentialAction":[{"@type":"ReadAction","target":["https:\/\/proteaslapalma.com\/en\/la-palma-florece-con-las-proteas\/"]}]},{"@type":"BreadcrumbList","@id":"https:\/\/proteaslapalma.com\/en\/la-palma-florece-con-las-proteas\/#breadcrumb","itemListElement":[{"@type":"ListItem","position":1,"name":"Portada","item":"https:\/\/proteaslapalma.com\/en\/"},{"@type":"ListItem","position":2,"name":"La Palma florece con las pr\u00f3teas"}]},{"@type":"Person","@id":"https:\/\/proteaslapalma.com\/#\/schema\/person\/06b567bb8f5126a073fae3b008bc40a6","name":"admin","image":{"@type":"ImageObject","inLanguage":"en-US","@id":"https:\/\/proteaslapalma.com\/#\/schema\/person\/image\/","url":"https:\/\/secure.gravatar.com\/avatar\/3cfee98e8471f9b7d33d9e257374fe5d?s=96&d=mm&r=g","contentUrl":"https:\/\/secure.gravatar.com\/avatar\/3cfee98e8471f9b7d33d9e257374fe5d?s=96&d=mm&r=g","caption":"admin"},"url":"https:\/\/proteaslapalma.com\/en\/author\/admin\/"}]}},"_links":{"self":[{"href":"https:\/\/proteaslapalma.com\/en\/wp-json\/wp\/v2\/posts\/1458"}],"collection":[{"href":"https:\/\/proteaslapalma.com\/en\/wp-json\/wp\/v2\/posts"}],"about":[{"href":"https:\/\/proteaslapalma.com\/en\/wp-json\/wp\/v2\/types\/post"}],"author":[{"embeddable":true,"href":"https:\/\/proteaslapalma.com\/en\/wp-json\/wp\/v2\/users\/1"}],"replies":[{"embeddable":true,"href":"https:\/\/proteaslapalma.com\/en\/wp-json\/wp\/v2\/comments?post=1458"}],"version-history":[{"count":0,"href":"https:\/\/proteaslapalma.com\/en\/wp-json\/wp\/v2\/posts\/1458\/revisions"}],"wp:featuredmedia":[{"embeddable":true,"href":"https:\/\/proteaslapalma.com\/en\/wp-json\/wp\/v2\/media\/2518"}],"wp:attachment":[{"href":"https:\/\/proteaslapalma.com\/en\/wp-json\/wp\/v2\/media?parent=1458"}],"wp:term":[{"taxonomy":"category","embeddable":true,"href":"https:\/\/proteaslapalma.com\/en\/wp-json\/wp\/v2\/categories?post=1458"},{"taxonomy":"post_tag","embeddable":true,"href":"https:\/\/proteaslapalma.com\/en\/wp-json\/wp\/v2\/tags?post=1458"}],"curies":[{"name":"wp","href":"https:\/\/api.w.org\/{rel}","templated":true}]}}