{"id":1461,"date":"2012-06-12T13:45:55","date_gmt":"2012-06-12T13:45:55","guid":{"rendered":"http:\/\/proteaslapalma.com\/curso-de-iniciacion-al-cultivo-de-proteas-2012\/"},"modified":"2019-11-08T14:08:04","modified_gmt":"2019-11-08T14:08:04","slug":"curso_de_iniciacion_al_cultivo_de_proteas_2012","status":"publish","type":"post","link":"https:\/\/proteaslapalma.com\/de\/curso_de_iniciacion_al_cultivo_de_proteas_2012\/","title":{"rendered":"Curso de iniciaci\u00f3n al cultivo de pr\u00f3teas 2012"},"content":{"rendered":"<p><strong>INTRODUCCI\u00d3N AL CULTIVO DE PR\u00d3TEAS<\/strong><\/p>\n<p>24 a 28 de Septiembre de 2012.<\/p>\n<p style=\"text-align: justify;\">Las t\u00e9cnicas agron\u00f3micas del cultivo pr\u00f3teas, pese a que se encuentra instalado en la isla desde hace ya m\u00e1s de una d\u00e9cada, contin\u00faan siendo desconocidas para la gran mayor\u00eda de los agricultores palmeros.<\/p>\n<p style=\"text-align: justify;\">Por ello, la Cooperativa Pr\u00f3teas de La Palma, y en el marco de los diferentes actos desarrollados con motivo de su\u00a0d\u00e9cimo aniversario, ha organizado este curso en el que se tratar\u00e1n todos aquellos aspectos relacionados con su cultivo, comenzando por el establecimiento del mismo, fertilizaci\u00f3n, plagas y enfermedades, comercializaci\u00f3n, etc\u2026<\/p>\n<p style=\"text-align: justify;\">En este \u00faltimo caso poniendo especial hincapi\u00e9 en aspectos relacionados con las normas de calidad.<\/p>\n<p style=\"text-align: justify;\">Teniendo en cuenta que la Cooperativa se encuentra inmersa en un proceso de expansi\u00f3n, entendemos que este curso servir\u00e1 de apoyo a todas aquellas personas que estando interesadas en establecer un cultivo de Pr\u00f3teas, no cuenten con los conocimientos necesarios para afrontar el proyecto con garant\u00edas de \u00e9xito.<\/p>\n<p><strong>M\u00d3DULO I<\/strong><br \/>\n<strong>INTRODUCCI\u00d3N AL CULTIVO.<\/strong><\/p>\n<ol>\n<li>Aspectos generales.<\/li>\n<li>Requerimientos agron\u00f3micos.<\/li>\n<li>Establecimiento del cultivo.<br \/>\nPreparaci\u00f3n del terreno.<br \/>\nRiego.<br \/>\nMalla antihierba.<\/li>\n<\/ol>\n<p><strong>M\u00d3DULO II<\/strong><br \/>\n<strong>DESARROLLO DEL CULTIVO.<\/strong><\/p>\n<ol>\n<li>Fertilizaci\u00f3n.<\/li>\n<li>Plagas y enfermedades.<\/li>\n<li>Podas: Formaci\u00f3n y Producci\u00f3n.<\/li>\n<\/ol>\n<p><strong>M\u00d3DULO III<\/strong><br \/>\n<strong>COMERCIALIZACI\u00d3N<\/strong><\/p>\n<ol>\n<li>Normas de calidad.<\/li>\n<li>Recolecci\u00f3n.<\/li>\n<li>Introducci\u00f3n de nuevas variedades.<\/li>\n<\/ol>\n<p><strong>M\u00d3DULO IV<\/strong><br \/>\n<strong>VISITAS A FINCAS<\/strong><\/p>\n<p><strong>PONENTES<\/strong><br \/>\n<strong>MODULO I<\/strong><br \/>\nEnrique Huertas L\u00f3pez<br \/>\nI.T. Agr\u00edcola.<br \/>\nPresidente Pr\u00f3teas Sdad. Coop.<\/p>\n<p><strong>M\u00d3DULO II<\/strong><br \/>\nMar\u00eda Nieves Guzm\u00e1n Reyes<br \/>\nI. T. Agr\u00edcola.<br \/>\nT\u00e9cnica Pr\u00f3teas Sdad. Coop.<\/p>\n<p><strong>M\u00d3DULO III<\/strong><br \/>\nFrancisco Noel Molina Gonz\u00e1lez<br \/>\nI. Agr\u00f3nomo.<br \/>\nGerente Pr\u00f3teas Sdad. Cooperativa<\/p>\n<p>Pr\u00f3teas de La Palma Sdad. Coop. \u2013 Avda. Europa, n\u00ba 12 \u2013 38710 Bre\u00f1a Alta \u2013 La Palma. Islas Canarias. Espa\u00f1a. Tel\/Fax (0034) 922 415 610 \u2013 Mail: proteaslapalma.proteaslapalma.com \u2013 www.proteaslapalma.com<\/p>\n","protected":false},"excerpt":{"rendered":"<p>INTRODUCCI\u00d3N AL CULTIVO DE PR\u00d3TEAS 24 a 28 de Septiembre de 2012. Las t\u00e9cnicas agron\u00f3micas del cultivo pr\u00f3teas, pese a que se encuentra instalado en la isla desde hace ya m\u00e1s de una d\u00e9cada, contin\u00faan siendo desconocidas para la gran mayor\u00eda de los agricultores palmeros. Por ello, la Cooperativa Pr\u00f3teas de La Palma, y en&nbsp;<\/p>\n<p><a class=\"btn btn-style\" href=\"https:\/\/proteaslapalma.com\/de\/curso_de_iniciacion_al_cultivo_de_proteas_2012\/\">Leer m\u00e1s&#8230;<\/a><\/p>\n","protected":false},"author":1,"featured_media":2527,"comment_status":"open","ping_status":"open","sticky":false,"template":"","format":"standard","meta":[],"categories":[50,48],"tags":[],"yoast_head":"<!-- This site is optimized with the Yoast SEO plugin v19.4 - https:\/\/yoast.com\/wordpress\/plugins\/seo\/ -->\n<title>Curso de iniciaci\u00f3n al cultivo de pr\u00f3teas 2012 - Proteas La Palma<\/title>\n<meta name=\"robots\" content=\"index, follow, max-snippet:-1, max-image-preview:large, max-video-preview:-1\" \/>\n<link rel=\"canonical\" href=\"https:\/\/proteaslapalma.com\/de\/curso_de_iniciacion_al_cultivo_de_proteas_2012\/\" \/>\n<meta property=\"og:locale\" content=\"de_DE\" \/>\n<meta property=\"og:type\" content=\"article\" \/>\n<meta property=\"og:title\" content=\"Curso de iniciaci\u00f3n al cultivo de pr\u00f3teas 2012 - Proteas La Palma\" \/>\n<meta property=\"og:description\" content=\"INTRODUCCI\u00d3N AL CULTIVO DE PR\u00d3TEAS 24 a 28 de Septiembre de 2012. Las t\u00e9cnicas agron\u00f3micas del cultivo pr\u00f3teas, pese a que se encuentra instalado en la isla desde hace ya m\u00e1s de una d\u00e9cada, contin\u00faan siendo desconocidas para la gran mayor\u00eda de los agricultores palmeros. Por ello, la Cooperativa Pr\u00f3teas de La Palma, y en&nbsp;Leer m\u00e1s...\" \/>\n<meta property=\"og:url\" content=\"https:\/\/proteaslapalma.com\/de\/curso_de_iniciacion_al_cultivo_de_proteas_2012\/\" \/>\n<meta property=\"og:site_name\" content=\"Proteas La Palma\" \/>\n<meta property=\"article:published_time\" content=\"2012-06-12T13:45:55+00:00\" \/>\n<meta property=\"article:modified_time\" content=\"2019-11-08T14:08:04+00:00\" \/>\n<meta property=\"og:image\" content=\"https:\/\/proteaslapalma.com\/wp-content\/uploads\/2012\/06\/curso-cultivo-proteas-isladelapalma-canarias.jpg\" \/>\n\t<meta property=\"og:image:width\" content=\"725\" \/>\n\t<meta property=\"og:image:height\" content=\"335\" \/>\n\t<meta property=\"og:image:type\" content=\"image\/jpeg\" \/>\n<meta name=\"author\" content=\"admin\" \/>\n<meta name=\"twitter:card\" content=\"summary_large_image\" \/>\n<meta name=\"twitter:label1\" content=\"Verfasst von\" \/>\n\t<meta name=\"twitter:data1\" content=\"admin\" \/>\n\t<meta name=\"twitter:label2\" content=\"Gesch\u00e4tzte Lesezeit\" \/>\n\t<meta name=\"twitter:data2\" content=\"2\u00a0Minuten\" \/>\n<script type=\"application\/ld+json\" class=\"yoast-schema-graph\">{\"@context\":\"https:\/\/schema.org\",\"@graph\":[{\"@type\":\"WebSite\",\"@id\":\"https:\/\/proteaslapalma.com\/#website\",\"url\":\"https:\/\/proteaslapalma.com\/\",\"name\":\"Proteas La Palma\",\"description\":\"Pr\u00f3teas de la Palma cooperativa de la Isla de La Palma, Canarias\",\"potentialAction\":[{\"@type\":\"SearchAction\",\"target\":{\"@type\":\"EntryPoint\",\"urlTemplate\":\"https:\/\/proteaslapalma.com\/?s={search_term_string}\"},\"query-input\":\"required name=search_term_string\"}],\"inLanguage\":\"de\"},{\"@type\":\"WebPage\",\"@id\":\"https:\/\/proteaslapalma.com\/de\/curso_de_iniciacion_al_cultivo_de_proteas_2012\/\",\"url\":\"https:\/\/proteaslapalma.com\/de\/curso_de_iniciacion_al_cultivo_de_proteas_2012\/\",\"name\":\"Curso de iniciaci\u00f3n al cultivo de pr\u00f3teas 2012 - Proteas La Palma\",\"isPartOf\":{\"@id\":\"https:\/\/proteaslapalma.com\/#website\"},\"datePublished\":\"2012-06-12T13:45:55+00:00\",\"dateModified\":\"2019-11-08T14:08:04+00:00\",\"author\":{\"@id\":\"https:\/\/proteaslapalma.com\/#\/schema\/person\/06b567bb8f5126a073fae3b008bc40a6\"},\"breadcrumb\":{\"@id\":\"https:\/\/proteaslapalma.com\/de\/curso_de_iniciacion_al_cultivo_de_proteas_2012\/#breadcrumb\"},\"inLanguage\":\"de\",\"potentialAction\":[{\"@type\":\"ReadAction\",\"target\":[\"https:\/\/proteaslapalma.com\/de\/curso_de_iniciacion_al_cultivo_de_proteas_2012\/\"]}]},{\"@type\":\"BreadcrumbList\",\"@id\":\"https:\/\/proteaslapalma.com\/de\/curso_de_iniciacion_al_cultivo_de_proteas_2012\/#breadcrumb\",\"itemListElement\":[{\"@type\":\"ListItem\",\"position\":1,\"name\":\"Portada\",\"item\":\"https:\/\/proteaslapalma.com\/de\/\"},{\"@type\":\"ListItem\",\"position\":2,\"name\":\"Curso de iniciaci\u00f3n al cultivo de pr\u00f3teas 2012\"}]},{\"@type\":\"Person\",\"@id\":\"https:\/\/proteaslapalma.com\/#\/schema\/person\/06b567bb8f5126a073fae3b008bc40a6\",\"name\":\"admin\",\"image\":{\"@type\":\"ImageObject\",\"inLanguage\":\"de\",\"@id\":\"https:\/\/proteaslapalma.com\/#\/schema\/person\/image\/\",\"url\":\"https:\/\/secure.gravatar.com\/avatar\/3cfee98e8471f9b7d33d9e257374fe5d?s=96&d=mm&r=g\",\"contentUrl\":\"https:\/\/secure.gravatar.com\/avatar\/3cfee98e8471f9b7d33d9e257374fe5d?s=96&d=mm&r=g\",\"caption\":\"admin\"},\"url\":\"https:\/\/proteaslapalma.com\/de\/author\/admin\/\"}]}<\/script>\n<!-- \/ Yoast SEO plugin. -->","yoast_head_json":{"title":"Curso de iniciaci\u00f3n al cultivo de pr\u00f3teas 2012 - Proteas La Palma","robots":{"index":"index","follow":"follow","max-snippet":"max-snippet:-1","max-image-preview":"max-image-preview:large","max-video-preview":"max-video-preview:-1"},"canonical":"https:\/\/proteaslapalma.com\/de\/curso_de_iniciacion_al_cultivo_de_proteas_2012\/","og_locale":"de_DE","og_type":"article","og_title":"Curso de iniciaci\u00f3n al cultivo de pr\u00f3teas 2012 - Proteas La Palma","og_description":"INTRODUCCI\u00d3N AL CULTIVO DE PR\u00d3TEAS 24 a 28 de Septiembre de 2012. Las t\u00e9cnicas agron\u00f3micas del cultivo pr\u00f3teas, pese a que se encuentra instalado en la isla desde hace ya m\u00e1s de una d\u00e9cada, contin\u00faan siendo desconocidas para la gran mayor\u00eda de los agricultores palmeros. Por ello, la Cooperativa Pr\u00f3teas de La Palma, y en&nbsp;Leer m\u00e1s...","og_url":"https:\/\/proteaslapalma.com\/de\/curso_de_iniciacion_al_cultivo_de_proteas_2012\/","og_site_name":"Proteas La Palma","article_published_time":"2012-06-12T13:45:55+00:00","article_modified_time":"2019-11-08T14:08:04+00:00","og_image":[{"width":725,"height":335,"url":"https:\/\/proteaslapalma.com\/wp-content\/uploads\/2012\/06\/curso-cultivo-proteas-isladelapalma-canarias.jpg","type":"image\/jpeg"}],"author":"admin","twitter_card":"summary_large_image","twitter_misc":{"Verfasst von":"admin","Gesch\u00e4tzte Lesezeit":"2\u00a0Minuten"},"schema":{"@context":"https:\/\/schema.org","@graph":[{"@type":"WebSite","@id":"https:\/\/proteaslapalma.com\/#website","url":"https:\/\/proteaslapalma.com\/","name":"Proteas La Palma","description":"Pr\u00f3teas de la Palma cooperativa de la Isla de La Palma, Canarias","potentialAction":[{"@type":"SearchAction","target":{"@type":"EntryPoint","urlTemplate":"https:\/\/proteaslapalma.com\/?s={search_term_string}"},"query-input":"required name=search_term_string"}],"inLanguage":"de"},{"@type":"WebPage","@id":"https:\/\/proteaslapalma.com\/de\/curso_de_iniciacion_al_cultivo_de_proteas_2012\/","url":"https:\/\/proteaslapalma.com\/de\/curso_de_iniciacion_al_cultivo_de_proteas_2012\/","name":"Curso de iniciaci\u00f3n al cultivo de pr\u00f3teas 2012 - Proteas La Palma","isPartOf":{"@id":"https:\/\/proteaslapalma.com\/#website"},"datePublished":"2012-06-12T13:45:55+00:00","dateModified":"2019-11-08T14:08:04+00:00","author":{"@id":"https:\/\/proteaslapalma.com\/#\/schema\/person\/06b567bb8f5126a073fae3b008bc40a6"},"breadcrumb":{"@id":"https:\/\/proteaslapalma.com\/de\/curso_de_iniciacion_al_cultivo_de_proteas_2012\/#breadcrumb"},"inLanguage":"de","potentialAction":[{"@type":"ReadAction","target":["https:\/\/proteaslapalma.com\/de\/curso_de_iniciacion_al_cultivo_de_proteas_2012\/"]}]},{"@type":"BreadcrumbList","@id":"https:\/\/proteaslapalma.com\/de\/curso_de_iniciacion_al_cultivo_de_proteas_2012\/#breadcrumb","itemListElement":[{"@type":"ListItem","position":1,"name":"Portada","item":"https:\/\/proteaslapalma.com\/de\/"},{"@type":"ListItem","position":2,"name":"Curso de iniciaci\u00f3n al cultivo de pr\u00f3teas 2012"}]},{"@type":"Person","@id":"https:\/\/proteaslapalma.com\/#\/schema\/person\/06b567bb8f5126a073fae3b008bc40a6","name":"admin","image":{"@type":"ImageObject","inLanguage":"de","@id":"https:\/\/proteaslapalma.com\/#\/schema\/person\/image\/","url":"https:\/\/secure.gravatar.com\/avatar\/3cfee98e8471f9b7d33d9e257374fe5d?s=96&d=mm&r=g","contentUrl":"https:\/\/secure.gravatar.com\/avatar\/3cfee98e8471f9b7d33d9e257374fe5d?s=96&d=mm&r=g","caption":"admin"},"url":"https:\/\/proteaslapalma.com\/de\/author\/admin\/"}]}},"_links":{"self":[{"href":"https:\/\/proteaslapalma.com\/de\/wp-json\/wp\/v2\/posts\/1461"}],"collection":[{"href":"https:\/\/proteaslapalma.com\/de\/wp-json\/wp\/v2\/posts"}],"about":[{"href":"https:\/\/proteaslapalma.com\/de\/wp-json\/wp\/v2\/types\/post"}],"author":[{"embeddable":true,"href":"https:\/\/proteaslapalma.com\/de\/wp-json\/wp\/v2\/users\/1"}],"replies":[{"embeddable":true,"href":"https:\/\/proteaslapalma.com\/de\/wp-json\/wp\/v2\/comments?post=1461"}],"version-history":[{"count":0,"href":"https:\/\/proteaslapalma.com\/de\/wp-json\/wp\/v2\/posts\/1461\/revisions"}],"wp:featuredmedia":[{"embeddable":true,"href":"https:\/\/proteaslapalma.com\/de\/wp-json\/wp\/v2\/media\/2527"}],"wp:attachment":[{"href":"https:\/\/proteaslapalma.com\/de\/wp-json\/wp\/v2\/media?parent=1461"}],"wp:term":[{"taxonomy":"category","embeddable":true,"href":"https:\/\/proteaslapalma.com\/de\/wp-json\/wp\/v2\/categories?post=1461"},{"taxonomy":"post_tag","embeddable":true,"href":"https:\/\/proteaslapalma.com\/de\/wp-json\/wp\/v2\/tags?post=1461"}],"curies":[{"name":"wp","href":"https:\/\/api.w.org\/{rel}","templated":true}]}}