{"id":1454,"date":"2012-12-17T14:36:02","date_gmt":"2012-12-17T14:36:02","guid":{"rendered":"http:\/\/proteaslapalma.com\/las-proteas-que-se-producen-en-la-isla-de-la-palma-triunfan-en-europa\/"},"modified":"2019-11-08T14:07:47","modified_gmt":"2019-11-08T14:07:47","slug":"las-proteas-que-se-producen-en-la-isla-de-la-palma-triunfan-en-europa","status":"publish","type":"post","link":"https:\/\/proteaslapalma.com\/de\/las-proteas-que-se-producen-en-la-isla-de-la-palma-triunfan-en-europa\/","title":{"rendered":"Las proteas que se producen en la isla de La Palma triunfan en Europa."},"content":{"rendered":"<div><span style=\"line-height: inherit; text-align: justify;\">La empresa Proteas La Palma, con sede en el t\u00e9rmino municipal de Bre\u00f1a Alta, est\u00e1 formada por un total de 73 socios, que suponen la totalidad de productores de esta planta existentes en el territorio insular. El gerente de la empresa, Argelio Hern\u00e1ndez, se\u00f1al\u00f3 que la pasada semana se inici\u00f3 la cosecha y, si todo va como el a\u00f1o pasado, &#8222;que estamos seguros que ser\u00e1 as\u00ed, para este mes de diciembre esperamos recolectar en torno a ciento veinte o ciento treinta mil tallos de esta planta&#8220;.<\/span><\/div>\n<div id=\"noticia_texto\">\n<p style=\"text-align: justify;\">Los datos de la zafra completa, que abarca un a\u00f1o, son espectaculares. La empresa palmera suele exportar un mill\u00f3n quinientos mil tallos, fundamentalmente a Holanda, pa\u00eds que acoge m\u00e1s de un 90 por ciento de esta cifra. Argelio Hern\u00e1ndez explic\u00f3 que Holanda es el principal mercado a nivel mundial de flores: &#8222;Tiene la mayor subasta del mundo y de all\u00ed se reenv\u00eda a diferentes lugares, como Estados Unidos, Canad\u00e1, Jap\u00f3n y Europa&#8220;.<\/p>\n<p style=\"text-align: justify;\">Proteas La Palma siembra en todos los municipios de la Isla, excepto en Tazacorte, localidad donde, por el momento, no hay ninguna plantaci\u00f3n, y en Fuencaliente, donde la plantaci\u00f3n es m\u00ednima. La superficie mayor de siembra est\u00e1 localizada entre Barlovento, Garaf\u00eda, Mazo y la zona de Las Bre\u00f1as. En los \u00faltimos a\u00f1os, El Paso ha comenzado a presentar una superficie importante de proteas. Actualmente, la empresa tiene cultivando a unos 50 agricultores, del total de 73 que tiene dados de alta. Se cultivan diferentes variedades y, seg\u00fan apunta el gerente de Proteas La Palma, &#8222;cada una tiene un precio en funci\u00f3n de su calidad y de la longitud de tallo. No puede valer lo mismo una que tiene pocos cent\u00edmetros que una que mida un metro&#8220;.<\/p>\n<p style=\"text-align: justify;\">Desde 1998. La empresa fue fundada en el a\u00f1o 1998 por un grupo de agricultores entusiastas, que acertaron de pleno al ver el futuro que, estaban convencidos, ten\u00eda este cultivo desde La Palma. Las exportaciones se iniciaron a partir de 2002 y desde entonces no han parado, de hecho, han ido progresivamente a m\u00e1s. Ahora mismo, cada agricultor recibe por cada planta en torno a nueve o diez euros.<\/p>\n<\/div>\n","protected":false},"excerpt":{"rendered":"<p>La empresa Proteas La Palma, con sede en el t\u00e9rmino municipal de Bre\u00f1a Alta, est\u00e1 formada por un total de 73 socios, que suponen la totalidad de productores de esta planta existentes en el territorio insular. El gerente de la empresa, Argelio Hern\u00e1ndez, se\u00f1al\u00f3 que la pasada semana se inici\u00f3 la cosecha y, si todo&nbsp;<\/p>\n<p><a class=\"btn btn-style\" href=\"https:\/\/proteaslapalma.com\/de\/las-proteas-que-se-producen-en-la-isla-de-la-palma-triunfan-en-europa\/\">Leer m\u00e1s&#8230;<\/a><\/p>\n","protected":false},"author":1,"featured_media":2515,"comment_status":"closed","ping_status":"open","sticky":false,"template":"","format":"standard","meta":[],"categories":[48],"tags":[],"yoast_head":"<!-- This site is optimized with the Yoast SEO plugin v19.4 - https:\/\/yoast.com\/wordpress\/plugins\/seo\/ -->\n<title>Las proteas que se producen en la isla de La Palma triunfan en Europa. - Proteas La Palma<\/title>\n<meta name=\"robots\" content=\"index, follow, max-snippet:-1, max-image-preview:large, max-video-preview:-1\" \/>\n<link rel=\"canonical\" href=\"https:\/\/proteaslapalma.com\/de\/las-proteas-que-se-producen-en-la-isla-de-la-palma-triunfan-en-europa\/\" \/>\n<meta property=\"og:locale\" content=\"de_DE\" \/>\n<meta property=\"og:type\" content=\"article\" \/>\n<meta property=\"og:title\" content=\"Las proteas que se producen en la isla de La Palma triunfan en Europa. - Proteas La Palma\" \/>\n<meta property=\"og:description\" content=\"La empresa Proteas La Palma, con sede en el t\u00e9rmino municipal de Bre\u00f1a Alta, est\u00e1 formada por un total de 73 socios, que suponen la totalidad de productores de esta planta existentes en el territorio insular. El gerente de la empresa, Argelio Hern\u00e1ndez, se\u00f1al\u00f3 que la pasada semana se inici\u00f3 la cosecha y, si todo&nbsp;Leer m\u00e1s...\" \/>\n<meta property=\"og:url\" content=\"https:\/\/proteaslapalma.com\/de\/las-proteas-que-se-producen-en-la-isla-de-la-palma-triunfan-en-europa\/\" \/>\n<meta property=\"og:site_name\" content=\"Proteas La Palma\" \/>\n<meta property=\"article:published_time\" content=\"2012-12-17T14:36:02+00:00\" \/>\n<meta property=\"article:modified_time\" content=\"2019-11-08T14:07:47+00:00\" \/>\n<meta property=\"og:image\" content=\"https:\/\/proteaslapalma.com\/wp-content\/uploads\/2012\/12\/cultivoProteas-lapalma.jpg\" \/>\n\t<meta property=\"og:image:width\" content=\"725\" \/>\n\t<meta property=\"og:image:height\" content=\"335\" \/>\n\t<meta property=\"og:image:type\" content=\"image\/jpeg\" \/>\n<meta name=\"author\" content=\"admin\" \/>\n<meta name=\"twitter:card\" content=\"summary_large_image\" \/>\n<meta name=\"twitter:label1\" content=\"Verfasst von\" \/>\n\t<meta name=\"twitter:data1\" content=\"admin\" \/>\n\t<meta name=\"twitter:label2\" content=\"Gesch\u00e4tzte Lesezeit\" \/>\n\t<meta name=\"twitter:data2\" content=\"2\u00a0Minuten\" \/>\n<script type=\"application\/ld+json\" class=\"yoast-schema-graph\">{\"@context\":\"https:\/\/schema.org\",\"@graph\":[{\"@type\":\"WebSite\",\"@id\":\"https:\/\/proteaslapalma.com\/#website\",\"url\":\"https:\/\/proteaslapalma.com\/\",\"name\":\"Proteas La Palma\",\"description\":\"Pr\u00f3teas de la Palma cooperativa de la Isla de La Palma, Canarias\",\"potentialAction\":[{\"@type\":\"SearchAction\",\"target\":{\"@type\":\"EntryPoint\",\"urlTemplate\":\"https:\/\/proteaslapalma.com\/?s={search_term_string}\"},\"query-input\":\"required name=search_term_string\"}],\"inLanguage\":\"de\"},{\"@type\":\"WebPage\",\"@id\":\"https:\/\/proteaslapalma.com\/de\/las-proteas-que-se-producen-en-la-isla-de-la-palma-triunfan-en-europa\/\",\"url\":\"https:\/\/proteaslapalma.com\/de\/las-proteas-que-se-producen-en-la-isla-de-la-palma-triunfan-en-europa\/\",\"name\":\"Las proteas que se producen en la isla de La Palma triunfan en Europa. - Proteas La Palma\",\"isPartOf\":{\"@id\":\"https:\/\/proteaslapalma.com\/#website\"},\"datePublished\":\"2012-12-17T14:36:02+00:00\",\"dateModified\":\"2019-11-08T14:07:47+00:00\",\"author\":{\"@id\":\"https:\/\/proteaslapalma.com\/#\/schema\/person\/06b567bb8f5126a073fae3b008bc40a6\"},\"breadcrumb\":{\"@id\":\"https:\/\/proteaslapalma.com\/de\/las-proteas-que-se-producen-en-la-isla-de-la-palma-triunfan-en-europa\/#breadcrumb\"},\"inLanguage\":\"de\",\"potentialAction\":[{\"@type\":\"ReadAction\",\"target\":[\"https:\/\/proteaslapalma.com\/de\/las-proteas-que-se-producen-en-la-isla-de-la-palma-triunfan-en-europa\/\"]}]},{\"@type\":\"BreadcrumbList\",\"@id\":\"https:\/\/proteaslapalma.com\/de\/las-proteas-que-se-producen-en-la-isla-de-la-palma-triunfan-en-europa\/#breadcrumb\",\"itemListElement\":[{\"@type\":\"ListItem\",\"position\":1,\"name\":\"Portada\",\"item\":\"https:\/\/proteaslapalma.com\/de\/\"},{\"@type\":\"ListItem\",\"position\":2,\"name\":\"Las proteas que se producen en la isla de La Palma triunfan en Europa.\"}]},{\"@type\":\"Person\",\"@id\":\"https:\/\/proteaslapalma.com\/#\/schema\/person\/06b567bb8f5126a073fae3b008bc40a6\",\"name\":\"admin\",\"image\":{\"@type\":\"ImageObject\",\"inLanguage\":\"de\",\"@id\":\"https:\/\/proteaslapalma.com\/#\/schema\/person\/image\/\",\"url\":\"https:\/\/secure.gravatar.com\/avatar\/3cfee98e8471f9b7d33d9e257374fe5d?s=96&d=mm&r=g\",\"contentUrl\":\"https:\/\/secure.gravatar.com\/avatar\/3cfee98e8471f9b7d33d9e257374fe5d?s=96&d=mm&r=g\",\"caption\":\"admin\"},\"url\":\"https:\/\/proteaslapalma.com\/de\/author\/admin\/\"}]}<\/script>\n<!-- \/ Yoast SEO plugin. -->","yoast_head_json":{"title":"Las proteas que se producen en la isla de La Palma triunfan en Europa. - Proteas La Palma","robots":{"index":"index","follow":"follow","max-snippet":"max-snippet:-1","max-image-preview":"max-image-preview:large","max-video-preview":"max-video-preview:-1"},"canonical":"https:\/\/proteaslapalma.com\/de\/las-proteas-que-se-producen-en-la-isla-de-la-palma-triunfan-en-europa\/","og_locale":"de_DE","og_type":"article","og_title":"Las proteas que se producen en la isla de La Palma triunfan en Europa. - Proteas La Palma","og_description":"La empresa Proteas La Palma, con sede en el t\u00e9rmino municipal de Bre\u00f1a Alta, est\u00e1 formada por un total de 73 socios, que suponen la totalidad de productores de esta planta existentes en el territorio insular. El gerente de la empresa, Argelio Hern\u00e1ndez, se\u00f1al\u00f3 que la pasada semana se inici\u00f3 la cosecha y, si todo&nbsp;Leer m\u00e1s...","og_url":"https:\/\/proteaslapalma.com\/de\/las-proteas-que-se-producen-en-la-isla-de-la-palma-triunfan-en-europa\/","og_site_name":"Proteas La Palma","article_published_time":"2012-12-17T14:36:02+00:00","article_modified_time":"2019-11-08T14:07:47+00:00","og_image":[{"width":725,"height":335,"url":"https:\/\/proteaslapalma.com\/wp-content\/uploads\/2012\/12\/cultivoProteas-lapalma.jpg","type":"image\/jpeg"}],"author":"admin","twitter_card":"summary_large_image","twitter_misc":{"Verfasst von":"admin","Gesch\u00e4tzte Lesezeit":"2\u00a0Minuten"},"schema":{"@context":"https:\/\/schema.org","@graph":[{"@type":"WebSite","@id":"https:\/\/proteaslapalma.com\/#website","url":"https:\/\/proteaslapalma.com\/","name":"Proteas La Palma","description":"Pr\u00f3teas de la Palma cooperativa de la Isla de La Palma, Canarias","potentialAction":[{"@type":"SearchAction","target":{"@type":"EntryPoint","urlTemplate":"https:\/\/proteaslapalma.com\/?s={search_term_string}"},"query-input":"required name=search_term_string"}],"inLanguage":"de"},{"@type":"WebPage","@id":"https:\/\/proteaslapalma.com\/de\/las-proteas-que-se-producen-en-la-isla-de-la-palma-triunfan-en-europa\/","url":"https:\/\/proteaslapalma.com\/de\/las-proteas-que-se-producen-en-la-isla-de-la-palma-triunfan-en-europa\/","name":"Las proteas que se producen en la isla de La Palma triunfan en Europa. - Proteas La Palma","isPartOf":{"@id":"https:\/\/proteaslapalma.com\/#website"},"datePublished":"2012-12-17T14:36:02+00:00","dateModified":"2019-11-08T14:07:47+00:00","author":{"@id":"https:\/\/proteaslapalma.com\/#\/schema\/person\/06b567bb8f5126a073fae3b008bc40a6"},"breadcrumb":{"@id":"https:\/\/proteaslapalma.com\/de\/las-proteas-que-se-producen-en-la-isla-de-la-palma-triunfan-en-europa\/#breadcrumb"},"inLanguage":"de","potentialAction":[{"@type":"ReadAction","target":["https:\/\/proteaslapalma.com\/de\/las-proteas-que-se-producen-en-la-isla-de-la-palma-triunfan-en-europa\/"]}]},{"@type":"BreadcrumbList","@id":"https:\/\/proteaslapalma.com\/de\/las-proteas-que-se-producen-en-la-isla-de-la-palma-triunfan-en-europa\/#breadcrumb","itemListElement":[{"@type":"ListItem","position":1,"name":"Portada","item":"https:\/\/proteaslapalma.com\/de\/"},{"@type":"ListItem","position":2,"name":"Las proteas que se producen en la isla de La Palma triunfan en Europa."}]},{"@type":"Person","@id":"https:\/\/proteaslapalma.com\/#\/schema\/person\/06b567bb8f5126a073fae3b008bc40a6","name":"admin","image":{"@type":"ImageObject","inLanguage":"de","@id":"https:\/\/proteaslapalma.com\/#\/schema\/person\/image\/","url":"https:\/\/secure.gravatar.com\/avatar\/3cfee98e8471f9b7d33d9e257374fe5d?s=96&d=mm&r=g","contentUrl":"https:\/\/secure.gravatar.com\/avatar\/3cfee98e8471f9b7d33d9e257374fe5d?s=96&d=mm&r=g","caption":"admin"},"url":"https:\/\/proteaslapalma.com\/de\/author\/admin\/"}]}},"_links":{"self":[{"href":"https:\/\/proteaslapalma.com\/de\/wp-json\/wp\/v2\/posts\/1454"}],"collection":[{"href":"https:\/\/proteaslapalma.com\/de\/wp-json\/wp\/v2\/posts"}],"about":[{"href":"https:\/\/proteaslapalma.com\/de\/wp-json\/wp\/v2\/types\/post"}],"author":[{"embeddable":true,"href":"https:\/\/proteaslapalma.com\/de\/wp-json\/wp\/v2\/users\/1"}],"replies":[{"embeddable":true,"href":"https:\/\/proteaslapalma.com\/de\/wp-json\/wp\/v2\/comments?post=1454"}],"version-history":[{"count":0,"href":"https:\/\/proteaslapalma.com\/de\/wp-json\/wp\/v2\/posts\/1454\/revisions"}],"wp:featuredmedia":[{"embeddable":true,"href":"https:\/\/proteaslapalma.com\/de\/wp-json\/wp\/v2\/media\/2515"}],"wp:attachment":[{"href":"https:\/\/proteaslapalma.com\/de\/wp-json\/wp\/v2\/media?parent=1454"}],"wp:term":[{"taxonomy":"category","embeddable":true,"href":"https:\/\/proteaslapalma.com\/de\/wp-json\/wp\/v2\/categories?post=1454"},{"taxonomy":"post_tag","embeddable":true,"href":"https:\/\/proteaslapalma.com\/de\/wp-json\/wp\/v2\/tags?post=1454"}],"curies":[{"name":"wp","href":"https:\/\/api.w.org\/{rel}","templated":true}]}}